{"id":2581,"date":"2022-08-08T02:42:13","date_gmt":"2022-08-08T02:42:13","guid":{"rendered":"http:\/\/cabopulmovivo.org\/?p=2581"},"modified":"2022-08-08T02:42:13","modified_gmt":"2022-08-08T02:42:13","slug":"desaladoras-no-son-una-opcion-factible-contra-escasez-de-agua-en-bcs-cemda","status":"publish","type":"post","link":"https:\/\/cabopulmovivo.org\/en\/desaladoras-no-son-una-opcion-factible-contra-escasez-de-agua-en-bcs-cemda\/","title":{"rendered":"Desaladoras no son una opci\u00f3n factible contra escasez de agua en BCS: CEMDA"},"content":{"rendered":"<p>Frente a la opci\u00f3n anunciada por l gobernador V\u00edctor Castro Cos\u00edo sobre implementar desaladoras en el contexto de un estr\u00e9s h\u00eddrico cr\u00edtico en el estado, Sara\u00ed G\u00f3mez, coordinadora de Investigaci\u00f3n de la Oficina Regional Noroeste del CEMDA, argument\u00f3 que no est\u00e1n las condiciones econ\u00f3micas ni en cuanto a protecci\u00f3n del medio ambiente, como para ver en las desaladoras una soluci\u00f3n.<\/p>\n<p>elorganismo.com | <a href=\"https:\/\/www.evernote.com\/shard\/s57\/client\/snv?noteGuid=c354ef53-2d64-4dc2-93ac-3da0c8ca88e4&amp;noteKey=1eba0666156f680e33481ee9b75fb9ed&amp;sn=https%3A%2F%2Fwww.evernote.com%2Fshard%2Fs57%2Fsh%2Fc354ef53-2d64-4dc2-93ac-3da0c8ca88e4%2F1eba0666156f680e33481ee9b75fb9ed&amp;title=Desaladoras%2Bno%2Bson%2Buna%2Bopci%25C3%25B3n%2Bfactible%2Bcontra%2Bescasez%2Bde%2Bagua%2Ben%2BBCS%253A%2BCEMDA%2B-%2BEl%2BOrganismo\" target=\"_blank\" rel=\"noopener\">Leer nota<\/a><\/p>\n","protected":false},"excerpt":{"rendered":"<p>Frente a la opci\u00f3n anunciada por l gobernador V\u00edctor Castro Cos\u00edo sobre implementar desaladoras en el contexto de un estr\u00e9s h\u00eddrico cr\u00edtico en el estado, Sara\u00ed G\u00f3mez, coordinadora de Investigaci\u00f3n de la Oficina Regional Noroeste del CEMDA, argument\u00f3 que no est\u00e1n las condiciones econ\u00f3micas ni en cuanto a protecci\u00f3n del medio ambiente, como para ver&hellip;&nbsp;<a href=\"https:\/\/cabopulmovivo.org\/en\/desaladoras-no-son-una-opcion-factible-contra-escasez-de-agua-en-bcs-cemda\/\" class=\"\" rel=\"bookmark\">Read More &raquo;<span class=\"screen-reader-text\">Desaladoras no son una opci\u00f3n factible contra escasez de agua en BCS: CEMDA<\/span><\/a><\/p>\n","protected":false},"author":1,"featured_media":0,"comment_status":"closed","ping_status":"closed","sticky":false,"template":"","format":"standard","meta":{"inline_featured_image":false,"neve_meta_sidebar":"","neve_meta_container":"","neve_meta_enable_content_width":"off","neve_meta_content_width":70,"neve_meta_title_alignment":"","neve_meta_author_avatar":"","neve_post_elements_order":"","neve_meta_disable_header":"","neve_meta_disable_footer":"","neve_meta_disable_title":"","footnotes":""},"categories":[2],"tags":[],"class_list":["post-2581","post","type-post","status-publish","format-standard","hentry","category-noticias"],"_links":{"self":[{"href":"https:\/\/cabopulmovivo.org\/en\/wp-json\/wp\/v2\/posts\/2581","targetHints":{"allow":["GET"]}}],"collection":[{"href":"https:\/\/cabopulmovivo.org\/en\/wp-json\/wp\/v2\/posts"}],"about":[{"href":"https:\/\/cabopulmovivo.org\/en\/wp-json\/wp\/v2\/types\/post"}],"author":[{"embeddable":true,"href":"https:\/\/cabopulmovivo.org\/en\/wp-json\/wp\/v2\/users\/1"}],"replies":[{"embeddable":true,"href":"https:\/\/cabopulmovivo.org\/en\/wp-json\/wp\/v2\/comments?post=2581"}],"version-history":[{"count":0,"href":"https:\/\/cabopulmovivo.org\/en\/wp-json\/wp\/v2\/posts\/2581\/revisions"}],"wp:attachment":[{"href":"https:\/\/cabopulmovivo.org\/en\/wp-json\/wp\/v2\/media?parent=2581"}],"wp:term":[{"taxonomy":"category","embeddable":true,"href":"https:\/\/cabopulmovivo.org\/en\/wp-json\/wp\/v2\/categories?post=2581"},{"taxonomy":"post_tag","embeddable":true,"href":"https:\/\/cabopulmovivo.org\/en\/wp-json\/wp\/v2\/tags?post=2581"}],"curies":[{"name":"wp","href":"https:\/\/api.w.org\/{rel}","templated":true}]}}