{"id":2589,"date":"2022-07-07T02:49:15","date_gmt":"2022-07-07T02:49:15","guid":{"rendered":"http:\/\/cabopulmovivo.org\/?p=2589"},"modified":"2022-07-07T02:49:15","modified_gmt":"2022-07-07T02:49:15","slug":"preside-alcalde-instalacion-del-comite-de-ordenamiento-territorial-desarrollo-urbano-y-vivienda-de-los-cabos","status":"publish","type":"post","link":"https:\/\/cabopulmovivo.org\/en\/preside-alcalde-instalacion-del-comite-de-ordenamiento-territorial-desarrollo-urbano-y-vivienda-de-los-cabos\/","title":{"rendered":"Preside alcalde instalaci\u00f3n del Comit\u00e9 de Ordenamiento Territorial, Desarrollo Urbano y Vivienda de Los Cabos"},"content":{"rendered":"<p>Los Cabos, Baja California Sur.- Con el prop\u00f3sito de planear y regular el uso del territorio del municipio, as\u00ed como fortalecer la planificaci\u00f3n y gesti\u00f3n participativa de los asentamientos humanos, este jueves 07 de julio se instal\u00f3 el Comit\u00e9 de Ordenamiento Territorial, Desarrollo Urbano y Vivienda, en una ceremonia presidida por el acalde Oscar Leggs Castro.<\/p>\n<p>nbcs.mx | <a href=\"https:\/\/www.evernote.com\/shard\/s57\/client\/snv?noteGuid=ad718ad0-e443-49f8-867a-05d6d5560b77&amp;noteKey=4b289f316f36b0a366620f4e4a31d1d6&amp;sn=https%3A%2F%2Fwww.evernote.com%2Fshard%2Fs57%2Fsh%2Fad718ad0-e443-49f8-867a-05d6d5560b77%2F4b289f316f36b0a366620f4e4a31d1d6&amp;title=Preside%2Balcalde%2Binstalaci%25C3%25B3n%2Bdel%2BComit%25C3%25A9%2Bde%2BOrdenamiento%2BTerritorial%252C%2BDesarrollo%2BUrbano%2By%2BVivienda%2Bde%2BLos%2BCabos%2B%25E2%2580%2593%2BNBCS%2BNoticias\" target=\"_blank\" rel=\"noopener\">Leer nota<\/a><\/p>\n","protected":false},"excerpt":{"rendered":"<p>Los Cabos, Baja California Sur.- Con el prop\u00f3sito de planear y regular el uso del territorio del municipio, as\u00ed como fortalecer la planificaci\u00f3n y gesti\u00f3n participativa de los asentamientos humanos, este jueves 07 de julio se instal\u00f3 el Comit\u00e9 de Ordenamiento Territorial, Desarrollo Urbano y Vivienda, en una ceremonia presidida por el acalde Oscar Leggs&hellip;&nbsp;<a href=\"https:\/\/cabopulmovivo.org\/en\/preside-alcalde-instalacion-del-comite-de-ordenamiento-territorial-desarrollo-urbano-y-vivienda-de-los-cabos\/\" class=\"\" rel=\"bookmark\">Read More &raquo;<span class=\"screen-reader-text\">Preside alcalde instalaci\u00f3n del Comit\u00e9 de Ordenamiento Territorial, Desarrollo Urbano y Vivienda de Los Cabos<\/span><\/a><\/p>\n","protected":false},"author":1,"featured_media":0,"comment_status":"closed","ping_status":"closed","sticky":false,"template":"","format":"standard","meta":{"inline_featured_image":false,"neve_meta_sidebar":"","neve_meta_container":"","neve_meta_enable_content_width":"off","neve_meta_content_width":70,"neve_meta_title_alignment":"","neve_meta_author_avatar":"","neve_post_elements_order":"","neve_meta_disable_header":"","neve_meta_disable_footer":"","neve_meta_disable_title":"","footnotes":""},"categories":[2],"tags":[],"class_list":["post-2589","post","type-post","status-publish","format-standard","hentry","category-noticias"],"_links":{"self":[{"href":"https:\/\/cabopulmovivo.org\/en\/wp-json\/wp\/v2\/posts\/2589","targetHints":{"allow":["GET"]}}],"collection":[{"href":"https:\/\/cabopulmovivo.org\/en\/wp-json\/wp\/v2\/posts"}],"about":[{"href":"https:\/\/cabopulmovivo.org\/en\/wp-json\/wp\/v2\/types\/post"}],"author":[{"embeddable":true,"href":"https:\/\/cabopulmovivo.org\/en\/wp-json\/wp\/v2\/users\/1"}],"replies":[{"embeddable":true,"href":"https:\/\/cabopulmovivo.org\/en\/wp-json\/wp\/v2\/comments?post=2589"}],"version-history":[{"count":0,"href":"https:\/\/cabopulmovivo.org\/en\/wp-json\/wp\/v2\/posts\/2589\/revisions"}],"wp:attachment":[{"href":"https:\/\/cabopulmovivo.org\/en\/wp-json\/wp\/v2\/media?parent=2589"}],"wp:term":[{"taxonomy":"category","embeddable":true,"href":"https:\/\/cabopulmovivo.org\/en\/wp-json\/wp\/v2\/categories?post=2589"},{"taxonomy":"post_tag","embeddable":true,"href":"https:\/\/cabopulmovivo.org\/en\/wp-json\/wp\/v2\/tags?post=2589"}],"curies":[{"name":"wp","href":"https:\/\/api.w.org\/{rel}","templated":true}]}}