{"id":681,"date":"2014-05-10T14:26:07","date_gmt":"2014-05-10T21:26:07","guid":{"rendered":"http:\/\/cabopulmovivo.org\/portal\/?p=681"},"modified":"2014-05-10T14:26:07","modified_gmt":"2014-05-10T21:26:07","slug":"arrecife-en-mar-de-cortes-esta-en-peligro","status":"publish","type":"post","link":"https:\/\/cabopulmovivo.org\/en\/arrecife-en-mar-de-cortes-esta-en-peligro\/","title":{"rendered":"Arrecife en Mar de Cort\u00e9s est\u00e1 en peligro"},"content":{"rendered":"<p>Despu\u00e9s de ser una zona pesquera sobreexplotada, la vida marina alrededor del arrecife de Cabo Pulmo, cerca de Los Cabos, recobr\u00f3 fuerza despu\u00e9s que hace dos d\u00e9cadas los habitantes de la localidad decidieran abandonar la pesca comercial y dedicarse a actividades de ecoturismo en la pen\u00ednsula de Baja California.<\/p>\n<p>AM Queretaro | <a href=\"https:\/\/www.evernote.com\/shard\/s291\/sh\/5aef632a-a40c-4326-9411-ee58e4cdfc13\/6ad3d47b8adc5723cfbb60d2cb1f7c6a\" target=\"_blank\" rel=\"noopener\">Leer nota completa<\/a><\/p>\n","protected":false},"excerpt":{"rendered":"<p>Despu\u00e9s de ser una zona pesquera sobreexplotada, la vida marina alrededor del arrecife de Cabo Pulmo, cerca de Los Cabos, recobr\u00f3 fuerza despu\u00e9s que hace dos d\u00e9cadas los habitantes de la localidad decidieran abandonar la pesca comercial y dedicarse a actividades de ecoturismo en la pen\u00ednsula de Baja California. AM Queretaro | Leer nota completa<\/p>\n","protected":false},"author":1,"featured_media":0,"comment_status":"closed","ping_status":"closed","sticky":false,"template":"","format":"standard","meta":{"inline_featured_image":false,"neve_meta_sidebar":"","neve_meta_container":"","neve_meta_enable_content_width":"","neve_meta_content_width":0,"neve_meta_title_alignment":"","neve_meta_author_avatar":"","neve_post_elements_order":"","neve_meta_disable_header":"","neve_meta_disable_footer":"","neve_meta_disable_title":"","footnotes":""},"categories":[2],"tags":[],"class_list":["post-681","post","type-post","status-publish","format-standard","hentry","category-noticias"],"_links":{"self":[{"href":"https:\/\/cabopulmovivo.org\/en\/wp-json\/wp\/v2\/posts\/681","targetHints":{"allow":["GET"]}}],"collection":[{"href":"https:\/\/cabopulmovivo.org\/en\/wp-json\/wp\/v2\/posts"}],"about":[{"href":"https:\/\/cabopulmovivo.org\/en\/wp-json\/wp\/v2\/types\/post"}],"author":[{"embeddable":true,"href":"https:\/\/cabopulmovivo.org\/en\/wp-json\/wp\/v2\/users\/1"}],"replies":[{"embeddable":true,"href":"https:\/\/cabopulmovivo.org\/en\/wp-json\/wp\/v2\/comments?post=681"}],"version-history":[{"count":0,"href":"https:\/\/cabopulmovivo.org\/en\/wp-json\/wp\/v2\/posts\/681\/revisions"}],"wp:attachment":[{"href":"https:\/\/cabopulmovivo.org\/en\/wp-json\/wp\/v2\/media?parent=681"}],"wp:term":[{"taxonomy":"category","embeddable":true,"href":"https:\/\/cabopulmovivo.org\/en\/wp-json\/wp\/v2\/categories?post=681"},{"taxonomy":"post_tag","embeddable":true,"href":"https:\/\/cabopulmovivo.org\/en\/wp-json\/wp\/v2\/tags?post=681"}],"curies":[{"name":"wp","href":"https:\/\/api.w.org\/{rel}","templated":true}]}}